[{"@context":"https:\/\/schema.org\/","@type":"Article","@id":"https:\/\/www.berne.cz\/zena-v-prubehu-casu\/#Article","mainEntityOfPage":"https:\/\/www.berne.cz\/zena-v-prubehu-casu\/","headline":"\u017dena v pr\u016fb\u011bhu \u010das\u016f","name":"\u017dena v pr\u016fb\u011bhu \u010das\u016f","description":"\u017deny a jejich zdrav\u00ed je v\u00a0posledn\u00ed dob\u011b velk\u00fdm t\u00e9matem. Pro\u010d tomu tak je? Je asi nep\u0159ehl\u00e9dnuteln\u00e9, \u017ee dne\u0161n\u00ed doba \u017eensk\u00e9 pohlav\u00ed privileguje. Vych\u00e1z\u00ed to z\u00a0p\u0159edchoz\u00edch \u017eivotn\u00edch zku\u0161enost\u00ed a ze \u017eivotn\u00edho. <a class=\"read-more-link\" href=\"https:\/\/www.berne.cz\/zena-v-prubehu-casu\/\">read more...<\/a>","datePublished":"2024-10-01","dateModified":"2024-10-01","author":{"@type":"Person","@id":"https:\/\/www.berne.cz\/author\/#Person","name":"","url":"https:\/\/www.berne.cz\/author\/","identifier":1,"image":{"@type":"ImageObject","@id":"https:\/\/secure.gravatar.com\/avatar\/4e1219daed488a40aaae5f3a36d7a332441b6e7a97d465811f6633d3359f64e8?s=96&d=mm&r=g","url":"https:\/\/secure.gravatar.com\/avatar\/4e1219daed488a40aaae5f3a36d7a332441b6e7a97d465811f6633d3359f64e8?s=96&d=mm&r=g","height":96,"width":96}},"publisher":{"@type":"Organization","name":"berne.cz","logo":{"@type":"ImageObject","@id":"\/logo.png","url":"\/logo.png","width":600,"height":60}},"image":{"@type":"ImageObject","@id":"https:\/\/www.berne.cz\/wp-content\/uploads\/woman-751236_640(1).jpg","url":"https:\/\/www.berne.cz\/wp-content\/uploads\/woman-751236_640(1).jpg","height":0,"width":0},"url":"https:\/\/www.berne.cz\/zena-v-prubehu-casu\/","about":["\u017deny"],"wordCount":412,"articleBody":"\u017deny a jejich zdrav\u00ed je v\u00a0posledn\u00ed dob\u011b velk\u00fdm t\u00e9matem. Pro\u010d tomu tak je? Je asi nep\u0159ehl\u00e9dnuteln\u00e9, \u017ee dne\u0161n\u00ed doba \u017eensk\u00e9 pohlav\u00ed privileguje. Vych\u00e1z\u00ed to z\u00a0p\u0159edchoz\u00edch \u017eivotn\u00edch zku\u0161enost\u00ed a ze \u017eivotn\u00edho stylu, jak\u00fd dnes vedeme. Je\u0161t\u011b sto let zp\u00e1tky bylo b\u011b\u017en\u00e9, \u017ee je \u017eena ta, kter\u00e1 se star\u00e1 o dom\u00e1cnost a o d\u011bti. Pokud m\u011bla \u0161t\u011bst\u00ed, k\u00a0ruce j\u00ed byla slu\u017eka nebo hospodyn\u011b, kter\u00e1 j\u00ed tento nelehk\u00fd \u00fakol usnad\u0148ovala. Z\u00a0dne\u0161n\u00edho pohledu se m\u016f\u017ee zd\u00e1t, \u017ee \u017eena byla ob\u011bt\u00ed, kter\u00e1 t\u00edmto zp\u016fsobem trp\u011bla. Ale p\u0159i posuzov\u00e1n\u00ed tehdej\u0161\u00edho \u017eivota je nezbytn\u011b nutn\u00e9 pochopit tehdej\u0161\u00edho ducha doby, pod\u00edvat se na to z\u00a0jejich perspektivy.Za prv\u00e9, je nutn\u00e9 \u0159\u00edci \u017ee nen\u00ed \u017eena jako \u017eena. Obzvl\u00e1\u0161\u0165 d\u0159\u00edve b\u00fdvali soci\u00e1ln\u00ed n\u016f\u017eky v\u00fdrazn\u011bji otev\u0159eny, tak\u017ee pokud malujeme obr\u00e1zek tehdej\u0161\u00ed doby, pak mus\u00edme nutn\u011b \u0159\u00edci, \u017ee existovaly stejn\u011b tak m\u011bstsk\u00e9 pani\u010dky, kter\u00e9 si u\u017e\u00edvali \u017eivota, jako selky, kter\u00e9 se od r\u00e1na do ve\u010dera musely samotn\u00e9 starat o skoro cel\u00fd d\u016fm a hospod\u00e1\u0159stv\u00ed. M\u011bstsk\u00e9 d\u00e1my doopravdy nem\u011bly na\u010d si st\u011b\u017eovat. Jejich povinnost\u00ed bylo pouze rozd\u00e1vat rozkazy a nechat ostatn\u00ed slu\u017eky, aby v\u011bt\u0161inu pr\u00e1ce ud\u011blaly. Jejich \u00fakolem bylo starat se o to, aby vypadaly ony dob\u0159e a stejn\u011b tak i jejich d\u016fm, aby byl dobrou reprezentac\u00ed b\u011bhem po\u0159\u00e1dan\u00fdch ve\u010d\u00edrk\u016f.Na druh\u00e9 stran\u011b hospod\u00e1\u0159sk\u00fd \u017eivot byl sice velmi n\u00e1ro\u010dn\u00fd, ale sk\u00fdtal jin\u00e9 radosti a starosti, kter\u00e9 jednodu\u0161e k\u00a0lidsk\u00e9mu \u017eivotu pat\u0159\u00ed. V\u017edy z\u00e1le\u017eelo na lidech, a i v\u00a0t\u011bchto dom\u00e1cnostech se mohly rodit kr\u00e1sn\u00e9 vztahy, proto\u017ee si venkov\u0161t\u00ed man\u017eel\u00e9 mohly jeden na druh\u00e9m v\u00e1\u017eit vlastnost\u00ed, kter\u00e9 je p\u0159edur\u010dovaly pro tyto role. P\u0159esto dne\u0161n\u00ed doba usoudila, \u017ee \u017eeny byly d\u0159\u00edve druho\u0159ad\u00e9. M\u00e1 tak dojem, \u017ee kdy\u017e na \u017eensk\u00e9m zdrav\u00ed n\u011b\u010demu nerozum\u00edme, je to pro to, \u017ee v\u011bdci nad t\u00edm d\u0159\u00edve m\u00e1vli pohrdav\u011b rukou. Jen\u017ee nen\u00ed to pravda a je nutn\u00e9 pochopit, \u017ee i kdy\u017e na\u0161e spole\u010dnost u\u017e toho mnoho dok\u00e1zala, existuj\u00ed st\u00e1le v\u011bci, kter\u00fdm nerozum\u00edme.                                                                                                                                                                                                                                                                                                                                                                                        4.4\/5 - (10 votes)        "},{"@context":"https:\/\/schema.org\/","@type":"BreadcrumbList","itemListElement":[{"@type":"ListItem","position":1,"name":"\u017dena v pr\u016fb\u011bhu \u010das\u016f","item":"https:\/\/www.berne.cz\/zena-v-prubehu-casu\/#breadcrumbitem"}]}]