[{"@context":"https:\/\/schema.org\/","@type":"Article","@id":"https:\/\/www.berne.cz\/tenkrat-pry-bylo-lip\/#Article","mainEntityOfPage":"https:\/\/www.berne.cz\/tenkrat-pry-bylo-lip\/","headline":"Tenkr\u00e1t pr\u00fd bylo l\u00edp","name":"Tenkr\u00e1t pr\u00fd bylo l\u00edp","description":"Dne\u0161n\u00ed mlad\u00e1 generace u\u017e nepamatuje to, co pamatuji j\u00e1. A proto by mo\u017en\u00e1 st\u00e1la s\u00a0otev\u0159en\u00fdmi \u00fasty, kdyby v\u011bd\u011bla, jak jsme \u017eili za onoho \u010dasu, kter\u00fd u\u017e p\u011btat\u0159ic\u00e1tn\u00edci a mlad\u0161\u00ed neza\u017eili.. <a class=\"read-more-link\" href=\"https:\/\/www.berne.cz\/tenkrat-pry-bylo-lip\/\">read more...<\/a>","datePublished":"2023-11-29","dateModified":"2023-11-29","author":{"@type":"Person","@id":"https:\/\/www.berne.cz\/author\/#Person","name":"","url":"https:\/\/www.berne.cz\/author\/","identifier":1,"image":{"@type":"ImageObject","@id":"https:\/\/secure.gravatar.com\/avatar\/4e1219daed488a40aaae5f3a36d7a332441b6e7a97d465811f6633d3359f64e8?s=96&d=mm&r=g","url":"https:\/\/secure.gravatar.com\/avatar\/4e1219daed488a40aaae5f3a36d7a332441b6e7a97d465811f6633d3359f64e8?s=96&d=mm&r=g","height":96,"width":96}},"publisher":{"@type":"Organization","name":"berne.cz","logo":{"@type":"ImageObject","@id":"\/logo.png","url":"\/logo.png","width":600,"height":60}},"image":{"@type":"ImageObject","@id":"https:\/\/www.berne.cz\/wp-content\/uploads\/%C5%BE%C5%BE_10_3.jpg","url":"https:\/\/www.berne.cz\/wp-content\/uploads\/%C5%BE%C5%BE_10_3.jpg","height":0,"width":0},"url":"https:\/\/www.berne.cz\/tenkrat-pry-bylo-lip\/","about":["Spole\u010dnost"],"wordCount":477,"articleBody":"Dne\u0161n\u00ed mlad\u00e1 generace u\u017e nepamatuje to, co pamatuji j\u00e1. A proto by mo\u017en\u00e1 st\u00e1la s\u00a0otev\u0159en\u00fdmi \u00fasty, kdyby v\u011bd\u011bla, jak jsme \u017eili za onoho \u010dasu, kter\u00fd u\u017e p\u011btat\u0159ic\u00e1tn\u00edci a mlad\u0161\u00ed neza\u017eili. A kdyby si to tito vyzkou\u0161eli na vlastn\u00ed k\u016f\u017ei, bylo by jim v\u00a0mnoha ohledech ouvej. A to t\u0159eba i z\u00a0ekonomick\u00fdch pom\u011br\u016f, ve kter\u00fdch by se tito lid\u00e9 ocitli, kdyby mohli cestovat n\u011bjak\u00fd strojem \u010dasu zp\u00e1tky.Pamatuji si doby, kdy bylo pivo des\u00edtka za dv\u011b koruny pades\u00e1t. Pamatuji cigarety nepom\u011brn\u011b levn\u011bj\u0161\u00ed ne\u017e ty dne\u0161n\u00ed, mezi nimi\u017e byly rekordmany Startky za \u010dty\u0159i koruny. Ano, nep\u0159ekouknuli jste se, za pouh\u00e9 \u010dty\u0159i koruny. A ne kus, ale krabi\u010dka. Pamatuji doby, kdy nesrovnateln\u011b kvalitn\u011bj\u0161\u00ed konzervy za\u010d\u00ednaly na cen\u011b ni\u017e\u0161\u00ed ne\u017e p\u011bt korun a luncheon meat za jeden\u00e1ct korun se dal obalovat a sma\u017eit jako uspokojiv\u011b vypadaj\u00edc\u00ed \u0159\u00edzky, kdy byl oby\u010dejn\u00fd rohl\u00edk za t\u0159icet a ten slan\u00fd za \u010dty\u0159icet hal\u00e9\u0159\u016f. Pamatuji se na polotu\u010dn\u00e9 ml\u00e9ko za dv\u011b koruny, na \u0161edes\u00e1tihal\u00e9\u0159ov\u00e9 po\u0161tovn\u00ed zn\u00e1mky na vnitrost\u00e1tn\u00ed dopisy a na dal\u0161\u00ed zbo\u017e\u00ed, kter\u00e9 bylo za cenu \u00fasm\u011bvnou ve srovn\u00e1n\u00ed s\u00a0tou dne\u0161n\u00ed.Ale ne\u010dekejte, \u017ee nyn\u00ed za\u010dnu ho\u0159ekovat nad t\u00edm, jak tenkr\u00e1t bylo l\u00edp. Neza\u010dnu. Proto\u017ee tenkr\u00e1t ve skute\u010dnosti l\u00edp nebylo. Jestli je mi tu z\u00a0n\u011b\u010deho smutno, pak z\u00a0toho, jak snadno a ochotn\u011b zapomn\u011bli na onu tehdej\u0161\u00ed realitu m\u00ed vrstevn\u00edci a star\u0161\u00ed lid\u00e9, tedy ti, kdo ony doby za\u017eili. Ti, kdo n\u00e1m dnes ukazuj\u00ed tehdej\u0161\u00ed ceny, aby zdiskreditovali vl\u00e1du nebo re\u017eim, toti\u017e tak ochotn\u011b zapom\u00ednaj\u00ed na to, jak\u00e9 tenkr\u00e1t byly p\u0159\u00edjmy lid\u00ed! A i to pamatuji. Zm\u00edn\u011bn\u00e9 cenov\u00e9 relace platily v\u00a0dob\u00e1ch, kdy jsem si vyd\u011bl\u00e1val m\u011bs\u00ed\u010dn\u011b dev\u011bt stovek \u010dist\u00e9ho. D\u00edky \u010demu\u017e si m\u016f\u017eete lehce spo\u010d\u00edtat, jak se asi tehdy \u017eilo.Se \u201asklerotiky\u2018 z\u00a0\u0159ad m\u00fdch vrstevn\u00edk\u016f nic nenad\u011bl\u00e1m. Kdy\u017e si vyb\u00e1jili navzdory sv\u00fdm osobn\u00edm zku\u0161enostem socialistick\u00fd r\u00e1j, kter\u00fd nebyl r\u00e1jem, a\u0165 si ve sv\u00fdch fantazi\u00edch \u017eij\u00ed. Cht\u011bl bych toto sd\u011blen\u00ed adresovat mlad\u00fdm, kte\u0159\u00ed to neza\u017eili, aby se nenechali zmanipulovat. A aby si p\u0159edstavili, jak by se jim \u017eilo, kdyby m\u011bli t\u0159eba jen mal\u00fd kaze\u0165\u00e1k za v\u00edc ne\u017e dva moje m\u011bs\u00ed\u010dn\u00ed platy a do n\u011bj v\u011b\u010dn\u011b zamotan\u00e9 kazety za pades\u00e1t korun za kus.O \u010dem\u017e se n\u00e1m dnes leckdo sna\u017e\u00ed nalhat, \u017ee to byl zemsk\u00fd r\u00e1j to na pohled.                                                                                                                                                                                                                                                                                                                                                                                        3.9\/5 - (7 votes)        "},{"@context":"https:\/\/schema.org\/","@type":"BreadcrumbList","itemListElement":[{"@type":"ListItem","position":1,"name":"Tenkr\u00e1t pr\u00fd bylo l\u00edp","item":"https:\/\/www.berne.cz\/tenkrat-pry-bylo-lip\/#breadcrumbitem"}]}]