[{"@context":"https:\/\/schema.org\/","@type":"Article","@id":"https:\/\/www.berne.cz\/strach-z-motorek\/#Article","mainEntityOfPage":"https:\/\/www.berne.cz\/strach-z-motorek\/","headline":"Strach z motorek","name":"Strach z motorek","description":"\u0158eknu v\u00e1m, \u017ee jako mal\u00e1 holka jsem se hodn\u011b b\u00e1la motorek. V\u016fbec nev\u00edm\u00a0pro\u010d. Rodi\u010de pr\u00fd tak\u00e9 p\u0159em\u00fd\u0161leli, pro\u010d j\u00e1 se zrovna boj\u00edm motorek, kdy\u017e u n\u00e1s doma v\u0161ichni maj\u00ed motorku,. <a class=\"read-more-link\" href=\"https:\/\/www.berne.cz\/strach-z-motorek\/\">read more...<\/a>","datePublished":"2023-09-04","dateModified":"2024-06-04","author":{"@type":"Person","@id":"https:\/\/www.berne.cz\/author\/#Person","name":"","url":"https:\/\/www.berne.cz\/author\/","identifier":1,"image":{"@type":"ImageObject","@id":"https:\/\/secure.gravatar.com\/avatar\/4e1219daed488a40aaae5f3a36d7a332441b6e7a97d465811f6633d3359f64e8?s=96&d=mm&r=g","url":"https:\/\/secure.gravatar.com\/avatar\/4e1219daed488a40aaae5f3a36d7a332441b6e7a97d465811f6633d3359f64e8?s=96&d=mm&r=g","height":96,"width":96}},"publisher":{"@type":"Organization","name":"berne.cz","logo":{"@type":"ImageObject","@id":"\/logo.png","url":"\/logo.png","width":600,"height":60}},"image":{"@type":"ImageObject","@id":"https:\/\/www.berne.cz\/wp-content\/uploads\/motocross-2481129_960_720.jpg","url":"https:\/\/www.berne.cz\/wp-content\/uploads\/motocross-2481129_960_720.jpg","height":0,"width":0},"url":"https:\/\/www.berne.cz\/strach-z-motorek\/","about":["Moto"],"wordCount":427,"articleBody":"\u0158eknu v\u00e1m, \u017ee jako mal\u00e1 holka jsem se hodn\u011b b\u00e1la motorek. V\u016fbec nev\u00edm\u00a0pro\u010d. Rodi\u010de pr\u00fd tak\u00e9 p\u0159em\u00fd\u0161leli, pro\u010d j\u00e1 se zrovna boj\u00edm motorek, kdy\u017e u n\u00e1s doma v\u0161ichni maj\u00ed motorku, tedy krom\u011b \u017een. Maminka motorku nikdy necht\u011bla, proto\u017ee ona se motorek b\u00e1la a pr\u00fd tak\u00e9 to v\u016fbec nedok\u00e1zala vysv\u011btlit. Tak\u017ee moje maminka si myslela, \u017ee pr\u00fd je to d\u011bdi\u010dn\u00e9. Jenom\u017ee podle m\u00e9ho n\u00e1zoru tohle je blbost i ona si to myslela. Akor\u00e1t jenom nev\u011bd\u011bla, z \u010deho j\u00e1 m\u016f\u017eu m\u00edt strach a pro\u010d se boj\u00edm na motorce, kdy\u017e jsem v \u017eivot\u011b na n\u00ed nejela? Ale otec \u0159\u00edkal, \u017ee to je pr\u00fd mo\u017en\u00e1 kv\u016fli tomu, \u017ee motorka d\u011bl\u00e1 stra\u0161n\u00fd rachot a \u017ee jako d\u00edt\u011b jsem se pr\u00fd budila, kdy\u017e on t\u0159eba kolikr\u00e1t startoval u n\u00e1s p\u0159ed bar\u00e1kem.No, mo\u017en\u00e1 je to pravda. Ale i kdy\u017e tohle v\u016fbec nevylu\u010duji, tak se mi to zd\u00e1 takov\u00e9 divn\u00e9 a\u017e prapodivn\u00e9, \u017ee bych se b\u00e1la a\u017e takhle z toho, \u017ee jsem byla d\u00edt\u011b. To se mi nezd\u00e1. Hele, jednozna\u010dn\u011b jsem si \u0159ekla, \u017ee kdy\u017e se boj\u00edm motorek, \u017ee jednozna\u010dn\u011b se do toho v\u016fbec nebudu nutit, \u017ee i kdy\u017e m\u00e1me v\u0161ichni doma motorky, krom\u011b tedy maminky a m\u011b, \u017ee j\u00e1 se do toho nebudu nutit, proto\u017ee mnoho lid\u00ed se m\u011b st\u00e1le dokola pt\u00e1, pro\u010d i j\u00e1 nem\u00e1m u motorku. J\u00e1 si mysl\u00edm, \u017ee snad je \u00fapln\u011b jedno, jestli nem\u00e1m motorku anebo m\u00e1m.To je p\u0159eci moje v\u011bc. Jenom\u017ee v\u0161ichni okolo vid\u00ed, \u017ee u n\u00e1s v rodin\u011b maj\u00ed v\u0161ichni motorku, a tak se div\u00ed, pro\u010d j\u00e1 jedin\u00e1 s maminkou nem\u00e1me motorku tak\u00e9.\u00a0Co je na tom tak divn\u00e9ho? P\u0159eci\u00a0to\u00a0nen\u00ed moje povinnost.\u00a0Sta\u010d\u00ed, \u017ee j\u00ed m\u00e1 bratr, tak\u00e9\u00a0moje star\u0161\u00ed sestra a tak\u00e9 m\u016fj otec a strejda i prastrejda a v\u0161ichni jezd\u00ed na r\u016fzn\u00e9 motork\u00e1\u0159sk\u00e9 srazy, proto\u017ee je to bav\u00ed, a proto\u017ee m\u011b a maminku to nebav\u00ed a m\u00e1me z toho strach, tak je logick\u00e9, \u017ee tam jezdit absolutn\u011b nebudeme. Mo\u017en\u00e1 n\u011bkdy jako spolujezdec. Ale nikdy ne\u0159\u00edk\u00e1m nikdy. T\u0159eba jednoho\u00a0dne se p\u0159estanu b\u00e1t motorek a n\u011bkdy opravdu usednu tak\u00e9 za\u00a0\u0159\u00edd\u00edtka\u00a0n\u011bjak\u00e9ho p\u011bkn\u00e9ho kvalitn\u00edho motocyklu.\u00a0                                                                                                                                                                                                                                                                                                                                                                                        4.6\/5 - (9 votes)        "},{"@context":"https:\/\/schema.org\/","@type":"BreadcrumbList","itemListElement":[{"@type":"ListItem","position":1,"name":"Strach z motorek","item":"https:\/\/www.berne.cz\/strach-z-motorek\/#breadcrumbitem"}]}]