[{"@context":"https:\/\/schema.org\/","@type":"Article","@id":"https:\/\/www.berne.cz\/sidlo-spolecnosti-v-praze-prinasi-vice-vyhod\/#Article","mainEntityOfPage":"https:\/\/www.berne.cz\/sidlo-spolecnosti-v-praze-prinasi-vice-vyhod\/","headline":"S\u00eddlo spole\u010dnosti v Praze p\u0159in\u00e1\u0161\u00ed v\u00edce v\u00fdhod","name":"S\u00eddlo spole\u010dnosti v Praze p\u0159in\u00e1\u0161\u00ed v\u00edce v\u00fdhod","description":"Z\u0159izujete si s\u00eddlo spole\u010dnosti v Praze a napad\u00e1 v\u00e1s, \u017ee byste jej mohli vyu\u017e\u00edt i jinak, ne\u017e je b\u011b\u017en\u011b zvykem? Pak m\u00e1te pravdu, proto\u017ee Praha je m\u011bsto \u0161irok\u00fdch mo\u017enost\u00ed a. <a class=\"read-more-link\" href=\"https:\/\/www.berne.cz\/sidlo-spolecnosti-v-praze-prinasi-vice-vyhod\/\">read more...<\/a>","datePublished":"2024-09-14","dateModified":"2024-09-14","author":{"@type":"Person","@id":"https:\/\/www.berne.cz\/author\/#Person","name":"","url":"https:\/\/www.berne.cz\/author\/","identifier":1,"image":{"@type":"ImageObject","@id":"https:\/\/secure.gravatar.com\/avatar\/4e1219daed488a40aaae5f3a36d7a332441b6e7a97d465811f6633d3359f64e8?s=96&d=mm&r=g","url":"https:\/\/secure.gravatar.com\/avatar\/4e1219daed488a40aaae5f3a36d7a332441b6e7a97d465811f6633d3359f64e8?s=96&d=mm&r=g","height":96,"width":96}},"publisher":{"@type":"Organization","name":"berne.cz","logo":{"@type":"ImageObject","@id":"\/logo.png","url":"\/logo.png","width":600,"height":60}},"image":{"@type":"ImageObject","@id":"https:\/\/www.berne.cz\/wp-content\/uploads\/tri-3595235_640_2.jpg","url":"https:\/\/www.berne.cz\/wp-content\/uploads\/tri-3595235_640_2.jpg","height":0,"width":0},"url":"https:\/\/www.berne.cz\/sidlo-spolecnosti-v-praze-prinasi-vice-vyhod\/","about":["Byznys"],"wordCount":437,"articleBody":"      Z\u0159izujete si s\u00eddlo spole\u010dnosti v Praze a napad\u00e1 v\u00e1s, \u017ee byste jej mohli vyu\u017e\u00edt i jinak, ne\u017e je b\u011b\u017en\u011b zvykem? Pak m\u00e1te pravdu, proto\u017ee Praha je m\u011bsto \u0161irok\u00fdch mo\u017enost\u00ed a mnoho m\u00edstn\u00edch obyvatel na ni ned\u00e1 dopustit. N\u011bkter\u00e9 Pra\u017eany to dokonce v\u016fbec net\u00e1hne n\u011bkam daleko na dovolenou a tr\u00e1v\u00ed v\u011bt\u0161inu voln\u00e9ho \u010dasu v m\u00edst\u011b bydli\u0161t\u011b. P\u0159ipad\u00e1 v\u00e1m to podivn\u00e9? Pak se spolu s n\u00e1mi vydejte za hranice v\u0161edn\u00edch dn\u016f do pra\u017esk\u00fdch m\u011bstsk\u00fdch park\u016f a odpo\u010dinkov\u00fdch z\u00f3n.A\u017e budete se sv\u00fdmi obchodn\u00edmi partnery projedn\u00e1vat podm\u00ednky vz\u00e1jemn\u00e9 spolupr\u00e1ce a vyu\u017eijete k tomu zasedac\u00ed m\u00edstnost v centru, m\u011bjte p\u0159ipraven\u00e9 v z\u00e1loze volno\u010dasov\u00e9 aktivity, kter\u00e9 jim nab\u00eddnete jako mo\u017enost pro\u017e\u00edt v Praze b\u00e1je\u010dn\u00fd pobyt v p\u0159\u00edrod\u011b, ani\u017e by bylo nutn\u00e9 cestovat daleko do hor.P\u0159\u00edrodn\u00ed park Hostiva\u0159 \u2013 Z\u00e1b\u011bhlice \u2013 zde si mo\u017en\u00e1 budete p\u0159ipadat jako v poh\u00e1dce, Hostiva\u0159sk\u00e1 p\u0159ehrada je \u00fa\u017easn\u00e9 m\u00edsto k odpo\u010dinku a ke sportov\u00e1n\u00ed. Sou\u010d\u00e1st\u00ed p\u0159\u00edrodn\u00edho parku je i zalesn\u011bn\u00e1 plocha s n\u011bkolika d\u0159ev\u011bn\u00fdmi alt\u00e1ny a p\u011b\u0161inami. Daj\u00ed se tu provozovat i vodn\u00ed sporty, nap\u0159\u00edklad vodn\u00ed ly\u017ee.P\u0159\u00edrodn\u00ed park Divok\u00e1 \u0160\u00e1rka \u2013 Lysolaje \u2013 kdo poprv\u00e9 zav\u00edt\u00e1 do \u0160\u00e1rky, nebude v\u011b\u0159it, \u017ee je v Praze. Doporu\u010dujeme projet \u0160\u00e1reck\u00fdm \u00fadol\u00edm a vystoupat na n\u011bkterou z vyhl\u00eddek, nap\u0159\u00edklad na D\u00edv\u010d\u00ed skok. Tato m\u00edsta jsou pova\u017eov\u00e1na za jedny z nejzaj\u00edmav\u011bj\u0161\u00edch v cel\u00e9 Evrop\u011b a poch\u00e1z\u00ed-li va\u0161i obchodn\u00ed partne\u0159i ze zahrani\u010d\u00ed, dejte jim najevo, pro\u010d je Praha pova\u017eov\u00e1na za Matku m\u011bst. Nejen d\u00edky architektu\u0159e, ale i p\u0159\u00edrodn\u00edm pam\u00e1tk\u00e1m.Obora Hv\u011bzda \u2013 letohr\u00e1dek Hv\u011bzda je sice spojov\u00e1n s ne zrovna p\u0159\u00edzniv\u00fdm obdob\u00edm na\u0161ich d\u011bjin \u2013 s t\u0159icetiletou v\u00e1lkou, ov\u0161em sou\u010dasn\u00e1 podoba Obory Hv\u011bzda si va\u0161i pozornost ur\u010dit\u011b zaslou\u017e\u00ed. Obora Hv\u011bzda je ide\u00e1ln\u00edm \u00fato\u010di\u0161t\u011bm pro zanepr\u00e1zdn\u011bn\u00e9 a vystresovan\u00e9 podnikatele a budete se tu c\u00edtit dob\u0159e podobn\u011b, jako na Pet\u0159\u00edn\u011b, kam ostatn\u011b m\u016f\u017eete zav\u00edtat tak\u00e9, nejl\u00e9pe v kv\u011btnu, kdy tu rozkv\u00e9t\u00e1 ovocn\u00fd sad a r\u016f\u017ee v okrasn\u00e9m parku.                                                                                                                                                                                                                                                                                                                                                                                          3.8\/5 - (5 votes)        "},{"@context":"https:\/\/schema.org\/","@type":"BreadcrumbList","itemListElement":[{"@type":"ListItem","position":1,"name":"S\u00eddlo spole\u010dnosti v Praze p\u0159in\u00e1\u0161\u00ed v\u00edce v\u00fdhod","item":"https:\/\/www.berne.cz\/sidlo-spolecnosti-v-praze-prinasi-vice-vyhod\/#breadcrumbitem"}]}]