[{"@context":"https:\/\/schema.org\/","@type":"Article","@id":"https:\/\/www.berne.cz\/proc-mame-na-vasechno-nazor\/#Article","mainEntityOfPage":"https:\/\/www.berne.cz\/proc-mame-na-vasechno-nazor\/","headline":"Pro\u010d m\u00e1me na va\u0161echno n\u00e1zor?","name":"Pro\u010d m\u00e1me na va\u0161echno n\u00e1zor?","description":"\u010clov\u011bk je tvor obda\u0159en\u00fd mysl\u00ed, kterou by m\u011bl um\u011bt pou\u017e\u00edvat. Spousta lid\u00ed neust\u00e1le p\u0159em\u00fd\u0161l\u00ed a analyzuje, a mnoho lid\u00ed m\u00e1 n\u00e1zor opravdu na v\u0161echno. Mezilidsk\u00e9 vztahy, st\u00e1tn\u00ed finance, politika, m\u00f3da,. <a class=\"read-more-link\" href=\"https:\/\/www.berne.cz\/proc-mame-na-vasechno-nazor\/\">read more...<\/a>","datePublished":"2024-09-23","dateModified":"2024-09-23","author":{"@type":"Person","@id":"https:\/\/www.berne.cz\/author\/#Person","name":"","url":"https:\/\/www.berne.cz\/author\/","identifier":1,"image":{"@type":"ImageObject","@id":"https:\/\/secure.gravatar.com\/avatar\/4e1219daed488a40aaae5f3a36d7a332441b6e7a97d465811f6633d3359f64e8?s=96&d=mm&r=g","url":"https:\/\/secure.gravatar.com\/avatar\/4e1219daed488a40aaae5f3a36d7a332441b6e7a97d465811f6633d3359f64e8?s=96&d=mm&r=g","height":96,"width":96}},"publisher":{"@type":"Organization","name":"berne.cz","logo":{"@type":"ImageObject","@id":"\/logo.png","url":"\/logo.png","width":600,"height":60}},"image":{"@type":"ImageObject","@id":"https:\/\/www.berne.cz\/wp-content\/uploads\/upset-2681482_640.jpg","url":"https:\/\/www.berne.cz\/wp-content\/uploads\/upset-2681482_640.jpg","height":0,"width":0},"url":"https:\/\/www.berne.cz\/proc-mame-na-vasechno-nazor\/","about":["Spole\u010dnost"],"wordCount":442,"articleBody":"\u010clov\u011bk je tvor obda\u0159en\u00fd mysl\u00ed, kterou by m\u011bl um\u011bt pou\u017e\u00edvat. Spousta lid\u00ed neust\u00e1le p\u0159em\u00fd\u0161l\u00ed a analyzuje, a mnoho lid\u00ed m\u00e1 n\u00e1zor opravdu na v\u0161echno. Mezilidsk\u00e9 vztahy, st\u00e1tn\u00ed finance, politika, m\u00f3da, pr\u016fmysl, to v\u0161echno a mnoho dal\u0161\u00edho se prob\u00edr\u00e1 nejen v m\u00e9di\u00edch, co\u017e je v demokratick\u00e9 form\u011b z\u0159\u00edzen\u00ed samoz\u0159ejm\u011b nutn\u00e9 a d\u016fle\u017eit\u00e9, ale vypad\u00e1 to, \u017ee \u010ce\u0161i jsou odborn\u00edci skute\u010dn\u011b na v\u0161echno. M\u00edt vlastn\u00ed n\u00e1zor je osobn\u00ed z\u00e1le\u017eitosti je samoz\u0159ejm\u011b nutn\u00e9, ale je opravdu nutn\u00e9 m\u00edt n\u00e1zor na v\u0161echno? Je zdrav\u00e9 b\u00fdt zahlcen\u00fd informacemi o z\u00e1le\u017eitostech, kter\u00e9 se v\u00e1s osobn\u011b nedot\u00fdkaj\u00ed?Pot\u0159ebujete se ke v\u0161emu vyjad\u0159ovat? A pro\u010d by se m\u011bli v\u0161ichni neust\u00e1le vyjad\u0159ovat v jak\u00e9koliv diskuzi? Pod mnoha \u010dl\u00e1nky na webov\u00fdch novin\u00e1ch to vypad\u00e1 jako na tr\u017ei\u0161ti. Ka\u017ed\u00fd m\u00e1 sv\u016fj n\u00e1zor a ten jeho je ten jedin\u00fd spr\u00e1vn\u00fd. Kdy\u017e se sejde v\u00edce lid\u00ed, zpravidla m\u00edvaj\u00ed v\u00edce n\u00e1zor\u016f. Je to v po\u0159\u00e1dku, ale je pot\u0159eba s t\u00edm po\u010d\u00edtat a dok\u00e1zat akceptovat to, \u017ee n\u011bkdo m\u00e1 jin\u00fd n\u00e1zor, a\u0165 u\u017e jde o jak\u00e9koliv t\u00e9ma. Velk\u00fdm probl\u00e9mem dne\u0161n\u00ed doby je pr\u00e1v\u011b to, \u017ee velk\u00e1 \u010d\u00e1st diskutuj\u00edc\u00edch m\u00e1 n\u00e1zor na v\u0161echno, ale nedok\u00e1\u017ee skousnout, \u017ee jsou lid\u00e9 s n\u00e1zory zcela opa\u010dn\u00fdmi. Je nutn\u00e9 se znova nau\u010dit pracovat s t\u00edm, \u017ee kdo m\u00e1 odli\u0161n\u00fd n\u00e1zor, nen\u00ed hned nep\u0159\u00edtel na \u017eivot a na smrt.Ani odborn\u00edci, kte\u0159\u00ed spole\u010dn\u011b pracuj\u00ed na ur\u010dit\u00e9 z\u00e1le\u017eitosti, se nemus\u00ed shodovat ve v\u0161em a je to tak v po\u0159\u00e1dku. Vezm\u011bte si t\u0159eba pr\u00e1vn\u00edky. Star\u00fd pr\u00e1vnick\u00fd vt\u00edpek \u0159\u00edk\u00e1, \u017ee se sejdou t\u0159i pr\u00e1vn\u00edci a maj\u00ed \u010dty\u0159i n\u00e1zory. A nen\u00e1vid\u00ed se potom do konce \u017eivota? Ne, mus\u00ed spolu vych\u00e1zet nejen v r\u00e1mci pr\u00e1ce i d\u00e1l. A to mnoha lidem chyb\u00ed. Kv\u016fli odli\u0161n\u00fdm n\u00e1zor\u016fm jsou n\u011bkte\u0159\u00ed lid\u00e9 schopn\u00ed se h\u00e1dat, ur\u00e1\u017eet se a n\u011bkdy se dokonce i pobij\u00ed. Abyste se tomu vyhnuli, je opravdu lep\u0161\u00ed nem\u00edt n\u00e1zor na v\u0161echno za ka\u017edou cenu a tak\u00e9 je dobr\u00e9 ho za ka\u017edou cenu necpat ostatn\u00edm, zejm\u00e9na kdy\u017e vid\u00edte, \u017ee se naprosto neshodujete.                                                                                                                                                                                                                                                                                                                                                                                        3.7\/5 - (7 votes)        "},{"@context":"https:\/\/schema.org\/","@type":"BreadcrumbList","itemListElement":[{"@type":"ListItem","position":1,"name":"Pro\u010d m\u00e1me na va\u0161echno n\u00e1zor?","item":"https:\/\/www.berne.cz\/proc-mame-na-vasechno-nazor\/#breadcrumbitem"}]}]