[{"@context":"https:\/\/schema.org\/","@type":"Article","@id":"https:\/\/www.berne.cz\/nyni-si-muzete-moderni-kuchyni-dovolit-i-vy\/#Article","mainEntityOfPage":"https:\/\/www.berne.cz\/nyni-si-muzete-moderni-kuchyni-dovolit-i-vy\/","headline":"Nyn\u00ed si m\u016f\u017eete modern\u00ed kuchyni dovolit i vy","name":"Nyn\u00ed si m\u016f\u017eete modern\u00ed kuchyni dovolit i vy","description":"Tou\u017e\u00edte po nov\u00e9 kuchyni, kter\u00e1 by byla podle nejnov\u011bj\u0161\u00edch trend\u016f a p\u0159itom nezat\u00ed\u017eila v\u00e1\u0161 rodinn\u00fd rozpo\u010det? Nab\u00edz\u00edme V\u00e1m kuchy\u0148sk\u00e9 linky odpov\u00eddaj\u00edc\u00ed t\u011bmto pot\u0159eb\u00e1m.kuchy\u0148sk\u00e9 linky v dne\u0161n\u00ed dob\u011b jsou st\u00e1le n\u00e1ro\u010dn\u011bj\u0161\u00ed. <a class=\"read-more-link\" href=\"https:\/\/www.berne.cz\/nyni-si-muzete-moderni-kuchyni-dovolit-i-vy\/\">read more...<\/a>","datePublished":"2025-03-14","dateModified":"2025-03-14","author":{"@type":"Person","@id":"https:\/\/www.berne.cz\/author\/#Person","name":"","url":"https:\/\/www.berne.cz\/author\/","identifier":1,"image":{"@type":"ImageObject","@id":"https:\/\/secure.gravatar.com\/avatar\/4e1219daed488a40aaae5f3a36d7a332441b6e7a97d465811f6633d3359f64e8?s=96&d=mm&r=g","url":"https:\/\/secure.gravatar.com\/avatar\/4e1219daed488a40aaae5f3a36d7a332441b6e7a97d465811f6633d3359f64e8?s=96&d=mm&r=g","height":96,"width":96}},"publisher":{"@type":"Organization","name":"berne.cz","logo":{"@type":"ImageObject","@id":"\/logo.png","url":"\/logo.png","width":600,"height":60}},"url":"https:\/\/www.berne.cz\/nyni-si-muzete-moderni-kuchyni-dovolit-i-vy\/","wordCount":158,"articleBody":"Tou\u017e\u00edte po nov\u00e9 kuchyni, kter\u00e1 by byla podle nejnov\u011bj\u0161\u00edch trend\u016f a p\u0159itom nezat\u00ed\u017eila v\u00e1\u0161 rodinn\u00fd rozpo\u010det? Nab\u00edz\u00edme V\u00e1m kuchy\u0148sk\u00e9 linky odpov\u00eddaj\u00edc\u00ed t\u011bmto pot\u0159eb\u00e1m.kuchy\u0148sk\u00e9 linky v dne\u0161n\u00ed dob\u011b jsou st\u00e1le n\u00e1ro\u010dn\u011bj\u0161\u00ed na funk\u010dnost a prakti\u010dnost v\u010detn\u011b modern\u00edho designu. Na\u0161e firma V\u00e1m nab\u00edz\u00ed cel\u00e9 kuchy\u0148sk\u00e9 sestavy, nebo si m\u016f\u017eete svou vysn\u011bnou kuchyni sestavit po jednotliv\u00fdch sk\u0159\u00ed\u0148k\u00e1ch dle rozm\u011br\u016f a prostoru, kter\u00fd chcete efektivn\u011b vyu\u017e\u00edt. Vyberte si z mnoha barevn\u00fdch proveden\u00ed, v matu \u010di lesku, mal\u00e9 i velk\u00e9 se syst\u00e9mem tich\u00e9ho zav\u00edr\u00e1n\u00ed, v\u0161e v kvalitn\u00edm proveden\u00ed. Kvalita za exkluzivn\u00ed cenu Kuchy\u0148sk\u00e9 linky, kter\u00e9 sv\u00fdm modern\u00edm designem, kvalitn\u00edm zpracov\u00e1n\u00ed a rychou dod\u00e1vkou pln\u011b uspokoj\u00ed Va\u0161e p\u0159edstavy najdete u n\u00e1s.                                                                                                                                                                                                                                                                                                                                                                                                "},{"@context":"https:\/\/schema.org\/","@type":"BreadcrumbList","itemListElement":[{"@type":"ListItem","position":1,"name":"Nyn\u00ed si m\u016f\u017eete modern\u00ed kuchyni dovolit i vy","item":"https:\/\/www.berne.cz\/nyni-si-muzete-moderni-kuchyni-dovolit-i-vy\/#breadcrumbitem"}]}]