[{"@context":"https:\/\/schema.org\/","@type":"Article","@id":"https:\/\/www.berne.cz\/nejste-li-detailista\/#Article","mainEntityOfPage":"https:\/\/www.berne.cz\/nejste-li-detailista\/","headline":"Nejste-li detailista","name":"Nejste-li detailista","description":"Ur\u010dit\u011b se V\u00e1m st\u00e1v\u00e1, \u017ee se porouch\u00e1 n\u011bjak\u00fd dopln\u011bk Va\u0161eho obydl\u00ed nebo kancel\u00e1\u0159e, a Vy pak p\u0159i hled\u00e1n\u00ed n\u00e1hrady k\u00a0opraven\u00ed sledujete tento detail na ka\u017ed\u00e9m kroku. Jindy byste se ho. <a class=\"read-more-link\" href=\"https:\/\/www.berne.cz\/nejste-li-detailista\/\">read more...<\/a>","datePublished":"2024-01-04","dateModified":"2024-01-04","author":{"@type":"Person","@id":"https:\/\/www.berne.cz\/author\/#Person","name":"","url":"https:\/\/www.berne.cz\/author\/","identifier":1,"image":{"@type":"ImageObject","@id":"https:\/\/secure.gravatar.com\/avatar\/4e1219daed488a40aaae5f3a36d7a332441b6e7a97d465811f6633d3359f64e8?s=96&d=mm&r=g","url":"https:\/\/secure.gravatar.com\/avatar\/4e1219daed488a40aaae5f3a36d7a332441b6e7a97d465811f6633d3359f64e8?s=96&d=mm&r=g","height":96,"width":96}},"publisher":{"@type":"Organization","name":"berne.cz","logo":{"@type":"ImageObject","@id":"\/logo.png","url":"\/logo.png","width":600,"height":60}},"url":"https:\/\/www.berne.cz\/nejste-li-detailista\/","wordCount":250,"articleBody":"Ur\u010dit\u011b se V\u00e1m st\u00e1v\u00e1, \u017ee se porouch\u00e1 n\u011bjak\u00fd dopln\u011bk Va\u0161eho obydl\u00ed nebo kancel\u00e1\u0159e, a Vy pak p\u0159i hled\u00e1n\u00ed n\u00e1hrady k\u00a0opraven\u00ed sledujete tento detail na ka\u017ed\u00e9m kroku. Jindy byste se ho ani nev\u0161imli. Abyste rozum\u011bli, detailem je rozum\u011bno, nap\u0159\u00edklad \u00fachyty na n\u00e1bytku. Jeden se V\u00e1m zlom\u00ed a Vy mus\u00edte vym\u011bnit \u00fachyty za nov\u00e9. Kamkoliv p\u0159ijdete, V\u00e1\u0161 pohled jakoby mimod\u011bk sjede okam\u017eit\u011b na \u00fachyty v\u00a0dan\u00e9 m\u00edstnosti. A\u010dkoliv nejste detailista, v\u00a0tomto p\u0159\u00edpad\u011b se na detail zam\u011b\u0159\u00edte. Nebo se V\u00e1m rozkl\u00ed\u017e\u00ed podstava stolu. Prvn\u00ed, co ud\u011bl\u00e1te, je, \u017ee sledujete podno\u017ee ke stol\u016fm kolem V\u00e1s.Sv\u00e9 okol\u00ed vn\u00edm\u00e1me jako celekVe v\u011bt\u0161in\u011b p\u0159\u00edpad\u016f vn\u00edm\u00e1me sv\u00e9 okol\u00ed jako celek a detailem se p\u0159\u00edli\u0161 nezab\u00fdv\u00e1me. A p\u0159itom o dopl\u0148c\u00edch je n\u00e1\u0161 celkov\u00fd vjem m\u00edstnost\u00ed a r\u016fzn\u00fdch prostor. Detaily a dopl\u0148ky d\u011blaj\u00ed celkov\u00e9 vn\u00edm\u00e1n\u00ed \u010dlov\u011bka. Je to stejn\u00e9 jako u zm\u011bny br\u00fdl\u00ed. Na n\u011bkom zm\u011bnu hned odhal\u00edme, na n\u011bkom se n\u00e1m zd\u00e1 n\u011bco jin\u00e9ho, ale neur\u010d\u00edme hned napoprv\u00e9, co to je. Je to tak\u00e9 mo\u017en\u00e1 t\u00edm, \u017ee obrou\u010dky tak dob\u0159e sed\u00ed ke tvaru obli\u010deji, \u017ee n\u00e1m ani nep\u0159ijde, \u017ee jsou \u00fapln\u011b jin\u00e9.                                                                                                                                                                                                                                                                                                                                                                                        2.5\/5 - (6 votes)        "},{"@context":"https:\/\/schema.org\/","@type":"BreadcrumbList","itemListElement":[{"@type":"ListItem","position":1,"name":"Nejste-li detailista","item":"https:\/\/www.berne.cz\/nejste-li-detailista\/#breadcrumbitem"}]}]