[{"@context":"https:\/\/schema.org\/","@type":"Article","@id":"https:\/\/www.berne.cz\/jsou-penize-nade-vse\/#Article","mainEntityOfPage":"https:\/\/www.berne.cz\/jsou-penize-nade-vse\/","headline":"Jsou pen\u00edze nade v\u0161e?","name":"Jsou pen\u00edze nade v\u0161e?","description":"Pen\u00edze jsou mocn\u00fdmi hybateli v tomto sv\u011bt\u011b. Pr\u00e1v\u011b proto, \u017ee s pen\u011bzi p\u0159ich\u00e1z\u00ed tak\u00e9 moc, jsou pen\u00edze pro mnoh\u00e9 lidi n\u011b\u010d\u00edm neodolateln\u00fdm. Maj\u00ed pocit, \u017ee pokud budou vlastnit hodn\u011b pen\u011bz,. <a class=\"read-more-link\" href=\"https:\/\/www.berne.cz\/jsou-penize-nade-vse\/\">read more...<\/a>","datePublished":"2024-09-11","dateModified":"2024-09-11","author":{"@type":"Person","@id":"https:\/\/www.berne.cz\/author\/#Person","name":"","url":"https:\/\/www.berne.cz\/author\/","identifier":1,"image":{"@type":"ImageObject","@id":"https:\/\/secure.gravatar.com\/avatar\/4e1219daed488a40aaae5f3a36d7a332441b6e7a97d465811f6633d3359f64e8?s=96&d=mm&r=g","url":"https:\/\/secure.gravatar.com\/avatar\/4e1219daed488a40aaae5f3a36d7a332441b6e7a97d465811f6633d3359f64e8?s=96&d=mm&r=g","height":96,"width":96}},"publisher":{"@type":"Organization","name":"berne.cz","logo":{"@type":"ImageObject","@id":"\/logo.png","url":"\/logo.png","width":600,"height":60}},"image":{"@type":"ImageObject","@id":"https:\/\/www.berne.cz\/wp-content\/uploads\/%C3%BAklid_8.jpg","url":"https:\/\/www.berne.cz\/wp-content\/uploads\/%C3%BAklid_8.jpg","height":0,"width":0},"url":"https:\/\/www.berne.cz\/jsou-penize-nade-vse\/","about":["Byznys"],"wordCount":445,"articleBody":"   Pen\u00edze jsou mocn\u00fdmi hybateli v tomto sv\u011bt\u011b. Pr\u00e1v\u011b proto, \u017ee s pen\u011bzi p\u0159ich\u00e1z\u00ed tak\u00e9 moc, jsou pen\u00edze pro mnoh\u00e9 lidi n\u011b\u010d\u00edm neodolateln\u00fdm. Maj\u00ed pocit, \u017ee pokud budou vlastnit hodn\u011b pen\u011bz, bude jejich \u017eivot \u00fapln\u011b jin\u00fd. A asi i mnohem \u0161\u0165astn\u011bj\u0161\u00ed. Bohu\u017eel tento z\u00e1v\u011br nen\u00ed \u00fapln\u011b spr\u00e1vn\u00fd a \u010dasto vede k tomu, \u017ee po mnoh\u00fdch letech, kdy cel\u00fd sv\u016fj \u017eivot ob\u011btujeme st\u0159\u00e1d\u00e1n\u00ed pen\u011bz, zji\u0161\u0165ujeme, \u017ee jsme vlastn\u011b nebyli v\u016fbec \u0161\u0165astn\u00ed. Z dlouhodob\u00fdch studi\u00ed vych\u00e1z\u00ed, \u017ee nejv\u011bt\u0161\u00edm \u0161t\u011bst\u00edm je to, pokud pen\u011bz m\u00e1me dostatek tak, abychom nemuseli trp\u011bt nouz\u00ed, ale z\u00e1rove\u0148 vlastn\u011b nen\u00ed v\u016fbec pot\u0159eba jich m\u00edt p\u0159\u00edli\u0161 velk\u00fd nadbytek. I v tom, \u017ee si m\u011bs\u00edc co m\u011bs\u00edc st\u0159\u00e1d\u00e1me na n\u011bco, co si jednodu\u0161e jen tak dovolit nem\u016f\u017eeme, n\u00e1s m\u016f\u017ee napl\u0148ovat p\u0159\u00edjemn\u00fdmi pocity. Z jinak zam\u011b\u0159en\u00fdch studi\u00ed vypl\u00fdv\u00e1 tak\u00e9 to, \u017ee nejv\u011bt\u0161\u00edm na\u0161\u00edm \u017eivotn\u00edm \u0161t\u011bst\u00edm je to, pokud najdeme opravdov\u00e9 p\u0159\u00e1tele a m\u00e1me kolem sebe dobrou rodinu. Takovou, kter\u00e1 o ka\u017ed\u00e9ho sv\u00e9ho \u010dlena stoj\u00ed, um\u00ed s ka\u017ed\u00fdm vych\u00e1zet a nikdo v n\u00ed nen\u00ed opu\u0161t\u011bn\u00fd. Ka\u017ed\u00e1 rodina m\u00e1 sv\u00e9 probl\u00e9my, a to, \u017ee nen\u00ed dokonal\u00e1 je norm\u00e1ln\u00ed a neznamen\u00e1 to, \u017ee by nebyla \u201edobr\u00e1\u201c. Pr\u00e1v\u011b tyto probl\u00e9my, kter\u00e9 se sna\u017e\u00ed rodina vy\u0159e\u0161it jsou n\u011bco, co ji posunuj\u00ed d\u00e1l a co j\u00ed pom\u00e1haj\u00ed se stmelit a dan\u00e9ho \u010dlena je\u0161t\u011b v\u00edce p\u0159ijmout do sv\u00e9ho st\u0159edu.Pr\u00e1v\u011b proto, abychom dostatek \u010dasu mohli v\u011bnovat sv\u00e9 rodin\u011b, ale z\u00e1rove\u0148, aby byla spln\u011bna podm\u00ednka dostate\u010dn\u00e9ho finan\u010dn\u00edho zabezpe\u010den\u00ed, je vhodn\u00e9, abychom byli schopni vyd\u011bl\u00e1vat rozumn\u011b. To znamen\u00e1 neplaho\u010dit se za nesmysln\u011b n\u00edzkou cenu den co den do pr\u00e1ce, pokud to jde rychleji a jednodu\u0161eji. Je mo\u017en\u00e9 naj\u00edt si zaj\u00edmav\u00e9 a flexibiln\u00ed brig\u00e1dy, kter\u00e9 V\u00e1m zajist\u00ed p\u0159iv\u00fdd\u011blek k hlavn\u00edmu pracovn\u00edmu pom\u011bru. P\u0159\u00edjemn\u00fd je nap\u0159\u00edklad \u00faklid panel\u00e1ku Praha. A naopak plat\u00ed to, \u017ee i t\u0159eba \u00faklid spole\u010dn\u00fdch obytn\u00fdch prostor je pr\u00e1ce, kter\u00e1 V\u00e1m br\u00e1n\u00ed tr\u00e1vit \u010das se sv\u00fdmi bl\u00edzk\u00fdmi. Pak je mo\u017en\u00e9 n\u011bkomu nab\u00eddnout pr\u00e1ci a sob\u011b uleh\u010dit n\u00e1ro\u010dn\u00e9 obdob\u00ed.                                                                                                                                                                                                                                                                                                                                                                                          5\/5 - (3 votes)        "},{"@context":"https:\/\/schema.org\/","@type":"BreadcrumbList","itemListElement":[{"@type":"ListItem","position":1,"name":"Jsou pen\u00edze nade v\u0161e?","item":"https:\/\/www.berne.cz\/jsou-penize-nade-vse\/#breadcrumbitem"}]}]